{"id":386,"date":"2024-06-17T11:00:12","date_gmt":"2024-06-17T14:00:12","guid":{"rendered":"https:\/\/blogdoconego.com\/?p=386"},"modified":"2024-06-17T11:00:12","modified_gmt":"2024-06-17T14:00:12","slug":"18-de-junho-dia-do-orgulho-autista","status":"publish","type":"post","link":"https:\/\/blogdoconego.com\/index.php\/2024\/06\/17\/18-de-junho-dia-do-orgulho-autista\/","title":{"rendered":"18 DE JUNHO DIA DO ORGULHO AUTISTA"},"content":{"rendered":"\n<figure class=\"wp-block-image size-large\"><img loading=\"lazy\" decoding=\"async\" width=\"1024\" height=\"576\" src=\"https:\/\/blogdoconego.com\/wp-content\/uploads\/2024\/06\/orgulho-autista-1024x576.jpg\" alt=\"\" class=\"wp-image-387\" srcset=\"https:\/\/blogdoconego.com\/wp-content\/uploads\/2024\/06\/orgulho-autista-1024x576.jpg 1024w, https:\/\/blogdoconego.com\/wp-content\/uploads\/2024\/06\/orgulho-autista-300x169.jpg 300w, https:\/\/blogdoconego.com\/wp-content\/uploads\/2024\/06\/orgulho-autista-768x432.jpg 768w, https:\/\/blogdoconego.com\/wp-content\/uploads\/2024\/06\/orgulho-autista.jpg 1280w\" sizes=\"(max-width: 1024px) 100vw, 1024px\" \/><\/figure>\n\n\n\n<p>Amanh\u00e3, 18 de junho, a partir das 14 horas, na Associa\u00e7\u00e3o M\u00e9dica do Rio Grande do Norte(Natal), a Associa\u00e7\u00e3o Brasileira de Psiquiatria, em parceria com o Instituto Gest\u00e3o e Vida, Instituto Le Blue e Cl\u00ednica Professor Heitor Carrilho, realizar\u00e1 um evento aberto ao p\u00fablico que abordar\u00e1 o bem-estar de fam\u00edlias que cuidam de crian\u00e7as com transtorno do espectro autista(TEA), condi\u00e7\u00e3o que tem afetado 1 a cada 36 crian\u00e7as, segundo o \u00faltimo levantamento do Centers for Disease Control and Prevention(CDC).<\/p>\n\n\n\n<p>Al\u00e9m da participa\u00e7\u00e3o do Presidente da Associa\u00e7\u00e3o Brasileira de Psiquiatria(ABP), Dr. Antonio Geraldo, o evento tamb\u00e9m contar\u00e1 com a participa\u00e7\u00e3o do radialista e humorista Mu\u00e7\u00e3o, que \u00e9 pai de duas crian\u00e7as autistas.<\/p>\n\n\n\n<p>Participe, a Associa\u00e7\u00e3o M\u00e9dica do Rio Grande do Norte fica na Avenida Hermes da Fonseca, 1396, Tirol &#8211; Natal\/RN.<\/p>\n","protected":false},"excerpt":{"rendered":"<p>Amanh\u00e3, 18 de junho, a partir das 14 horas, na Associa\u00e7\u00e3o M\u00e9dica do Rio Grande do Norte(Natal), a Associa\u00e7\u00e3o Brasileira de Psiquiatria, em parceria com o Instituto Gest\u00e3o e Vida, Instituto Le Blue e Cl\u00ednica Professor Heitor Carrilho, realizar\u00e1 um evento aberto ao p\u00fablico que abordar\u00e1 o bem-estar de fam\u00edlias que cuidam de crian\u00e7as com &#8230; <a title=\"18 DE JUNHO DIA DO ORGULHO AUTISTA\" class=\"read-more\" href=\"https:\/\/blogdoconego.com\/index.php\/2024\/06\/17\/18-de-junho-dia-do-orgulho-autista\/\" aria-label=\"More on 18 DE JUNHO DIA DO ORGULHO AUTISTA\">Ler mais<\/a><\/p>\n","protected":false},"author":1,"featured_media":0,"comment_status":"open","ping_status":"open","sticky":false,"template":"","format":"standard","meta":{"footnotes":""},"categories":[1],"tags":[],"_links":{"self":[{"href":"https:\/\/blogdoconego.com\/index.php\/wp-json\/wp\/v2\/posts\/386"}],"collection":[{"href":"https:\/\/blogdoconego.com\/index.php\/wp-json\/wp\/v2\/posts"}],"about":[{"href":"https:\/\/blogdoconego.com\/index.php\/wp-json\/wp\/v2\/types\/post"}],"author":[{"embeddable":true,"href":"https:\/\/blogdoconego.com\/index.php\/wp-json\/wp\/v2\/users\/1"}],"replies":[{"embeddable":true,"href":"https:\/\/blogdoconego.com\/index.php\/wp-json\/wp\/v2\/comments?post=386"}],"version-history":[{"count":1,"href":"https:\/\/blogdoconego.com\/index.php\/wp-json\/wp\/v2\/posts\/386\/revisions"}],"predecessor-version":[{"id":388,"href":"https:\/\/blogdoconego.com\/index.php\/wp-json\/wp\/v2\/posts\/386\/revisions\/388"}],"wp:attachment":[{"href":"https:\/\/blogdoconego.com\/index.php\/wp-json\/wp\/v2\/media?parent=386"}],"wp:term":[{"taxonomy":"category","embeddable":true,"href":"https:\/\/blogdoconego.com\/index.php\/wp-json\/wp\/v2\/categories?post=386"},{"taxonomy":"post_tag","embeddable":true,"href":"https:\/\/blogdoconego.com\/index.php\/wp-json\/wp\/v2\/tags?post=386"}],"curies":[{"name":"wp","href":"https:\/\/api.w.org\/{rel}","templated":true}]}}